{"id":74,"count":1,"description":"","link":"https:\/\/www.somdabaixasetubal.pt\/site\/tag\/tertulia-reune-juventude-setubalense-em-reflexao\/","name":"Tert\u00falia re\u00fane juventude setubalense em reflex\u00e3o","slug":"tertulia-reune-juventude-setubalense-em-reflexao","taxonomy":"post_tag","meta":[],"_links":{"self":[{"href":"https:\/\/www.somdabaixasetubal.pt\/site\/wp-json\/wp\/v2\/tags\/74","targetHints":{"allow":["GET"]}}],"collection":[{"href":"https:\/\/www.somdabaixasetubal.pt\/site\/wp-json\/wp\/v2\/tags"}],"about":[{"href":"https:\/\/www.somdabaixasetubal.pt\/site\/wp-json\/wp\/v2\/taxonomies\/post_tag"}],"wp:post_type":[{"href":"https:\/\/www.somdabaixasetubal.pt\/site\/wp-json\/wp\/v2\/posts?tags=74"}],"curies":[{"name":"wp","href":"https:\/\/api.w.org\/{rel}","templated":true}]}}