{"id":73,"count":1,"description":"","link":"https:\/\/www.somdabaixasetubal.pt\/site\/tag\/setubal-finalista-em-premio-iberico-de-acessibilidade-cultural\/","name":"Set\u00fabal finalista em pr\u00e9mio ib\u00e9rico de acessibilidade cultural","slug":"setubal-finalista-em-premio-iberico-de-acessibilidade-cultural","taxonomy":"post_tag","meta":[],"_links":{"self":[{"href":"https:\/\/www.somdabaixasetubal.pt\/site\/wp-json\/wp\/v2\/tags\/73","targetHints":{"allow":["GET"]}}],"collection":[{"href":"https:\/\/www.somdabaixasetubal.pt\/site\/wp-json\/wp\/v2\/tags"}],"about":[{"href":"https:\/\/www.somdabaixasetubal.pt\/site\/wp-json\/wp\/v2\/taxonomies\/post_tag"}],"wp:post_type":[{"href":"https:\/\/www.somdabaixasetubal.pt\/site\/wp-json\/wp\/v2\/posts?tags=73"}],"curies":[{"name":"wp","href":"https:\/\/api.w.org\/{rel}","templated":true}]}}