{"id":50,"count":2,"description":"","link":"https:\/\/www.somdabaixasetubal.pt\/site\/tag\/instalacao-dos-orgaos-municipais-de-setubal\/","name":"Instala\u00e7\u00e3o dos \u00f3rg\u00e3os municipais de Set\u00fabal","slug":"instalacao-dos-orgaos-municipais-de-setubal","taxonomy":"post_tag","meta":[],"_links":{"self":[{"href":"https:\/\/www.somdabaixasetubal.pt\/site\/wp-json\/wp\/v2\/tags\/50","targetHints":{"allow":["GET"]}}],"collection":[{"href":"https:\/\/www.somdabaixasetubal.pt\/site\/wp-json\/wp\/v2\/tags"}],"about":[{"href":"https:\/\/www.somdabaixasetubal.pt\/site\/wp-json\/wp\/v2\/taxonomies\/post_tag"}],"wp:post_type":[{"href":"https:\/\/www.somdabaixasetubal.pt\/site\/wp-json\/wp\/v2\/posts?tags=50"}],"curies":[{"name":"wp","href":"https:\/\/api.w.org\/{rel}","templated":true}]}}