{"id":624,"date":"2026-03-14T20:22:18","date_gmt":"2026-03-14T20:22:18","guid":{"rendered":"https:\/\/www.somdabaixasetubal.pt\/site\/?p=624"},"modified":"2026-03-14T20:22:19","modified_gmt":"2026-03-14T20:22:19","slug":"setubal-passa-a-ter-119-bombeiros-sapadores-com-incorporacao-de-14-recrutas","status":"publish","type":"post","link":"https:\/\/www.somdabaixasetubal.pt\/site\/setubal-passa-a-ter-119-bombeiros-sapadores-com-incorporacao-de-14-recrutas\/","title":{"rendered":"Set\u00fabal passa a ter 119 bombeiros sapadores com incorpora\u00e7\u00e3o de 14 recrutas"},"content":{"rendered":"\n<p><strong>A Companhia de Bombeiros Sapadores de Set\u00fabal passa a ter 119 efetivos com a incorpora\u00e7\u00e3o de 14 novos elementos, que, conclu\u00edda a recruta, prestaram esta manh\u00e3 o compromisso de honra em cerim\u00f3nia realizada defronte dos Pa\u00e7os do Concelho.<\/strong><\/p>\n\n\n\n<p>Ap\u00f3s a imposi\u00e7\u00e3o das divisas e da boina e do juramento dos novos bombeiros sapadores, a presidente da C\u00e2mara Municipal de Set\u00fabal, Maria das Dores Meira, sublinhou a import\u00e2ncia do momento, agradeceu-lhes <em>&#8220;a escolha que fizeram e a disponibilidade para servir&#8221;<\/em> a comunidade e desejou-lhes sucesso.<\/p>\n\n\n\n<figure class=\"wp-block-image size-large\"><img loading=\"lazy\" decoding=\"async\" width=\"1024\" height=\"683\" src=\"https:\/\/www.somdabaixasetubal.pt\/site\/wp-content\/uploads\/2026\/03\/Cerimonia_Compromisso_Honra_Recruta_CBSS_2026_13-1024x683.jpg\" alt=\"\" class=\"wp-image-628\" srcset=\"https:\/\/www.somdabaixasetubal.pt\/site\/wp-content\/uploads\/2026\/03\/Cerimonia_Compromisso_Honra_Recruta_CBSS_2026_13-1024x683.jpg 1024w, https:\/\/www.somdabaixasetubal.pt\/site\/wp-content\/uploads\/2026\/03\/Cerimonia_Compromisso_Honra_Recruta_CBSS_2026_13-300x200.jpg 300w, https:\/\/www.somdabaixasetubal.pt\/site\/wp-content\/uploads\/2026\/03\/Cerimonia_Compromisso_Honra_Recruta_CBSS_2026_13-768x512.jpg 768w, https:\/\/www.somdabaixasetubal.pt\/site\/wp-content\/uploads\/2026\/03\/Cerimonia_Compromisso_Honra_Recruta_CBSS_2026_13-1536x1024.jpg 1536w, https:\/\/www.somdabaixasetubal.pt\/site\/wp-content\/uploads\/2026\/03\/Cerimonia_Compromisso_Honra_Recruta_CBSS_2026_13-2048x1365.jpg 2048w, https:\/\/www.somdabaixasetubal.pt\/site\/wp-content\/uploads\/2026\/03\/Cerimonia_Compromisso_Honra_Recruta_CBSS_2026_13-630x420.jpg 630w, https:\/\/www.somdabaixasetubal.pt\/site\/wp-content\/uploads\/2026\/03\/Cerimonia_Compromisso_Honra_Recruta_CBSS_2026_13-150x100.jpg 150w, https:\/\/www.somdabaixasetubal.pt\/site\/wp-content\/uploads\/2026\/03\/Cerimonia_Compromisso_Honra_Recruta_CBSS_2026_13-696x464.jpg 696w, https:\/\/www.somdabaixasetubal.pt\/site\/wp-content\/uploads\/2026\/03\/Cerimonia_Compromisso_Honra_Recruta_CBSS_2026_13-1068x712.jpg 1068w, https:\/\/www.somdabaixasetubal.pt\/site\/wp-content\/uploads\/2026\/03\/Cerimonia_Compromisso_Honra_Recruta_CBSS_2026_13-1920x1280.jpg 1920w\" sizes=\"auto, (max-width: 1024px) 100vw, 1024px\" \/><\/figure>\n\n\n\n<p><em>&#8220;Desejo-vos os maiores sucessos no vosso percurso e que encontrem, no exerc\u00edcio desta miss\u00e3o, o orgulho e a dignidade que sempre caracterizaram a Companhia de Bombeiros Sapadores e a C\u00e2mara Municipal de Set\u00fabal&#8221;<\/em>, afirmou, num momento <em>&#8220;marcante&#8221;<\/em> na vida dos que conclu\u00edram a recruta e da pr\u00f3pria comunidade.<\/p>\n\n\n\n<p>A autarca lembrou-lhes que, <em>&#8220;a partir de hoje, passam a integrar plenamente uma institui\u00e7\u00e3o com uma hist\u00f3ria longa e respeitada, mas tamb\u00e9m com uma enorme responsabilidade perante a comunidade&#8221;<\/em>, porque <em>&#8220;ser bombeiro sapador \u00e9 escolher uma vida de dedica\u00e7\u00e3o aos outros, \u00e9 estar dispon\u00edvel quando os outros precisam, muitas vezes em circunst\u00e2ncias dif\u00edceis e exigentes&#8221;<\/em>.<\/p>\n\n\n\n<p>Recordou a necessidade de <em>&#8220;agir com coragem, com disciplina, com esp\u00edrito de equipa e com profundo sentido de dever&#8221;<\/em> e disse ter a <em>&#8220;certeza de que levar\u00e3o consigo os valores que aprenderam durante a recruta e que saber\u00e3o honrar a farda&#8221;<\/em> da CBSS, que, com uma hist\u00f3ria de 240 anos, \u00e9 <em>&#8220;uma das mais antigas e prestigiadas corpora\u00e7\u00f5es do pa\u00eds&#8221;<\/em> e <em>&#8220;um pilar essencial do sistema de prote\u00e7\u00e3o e socorro&#8221;<\/em> em Set\u00fabal.<\/p>\n\n\n\n<p>Num processo iniciado em meados de 2024, com a sele\u00e7\u00e3o dos candidatos, a recruta realizou-se entre 20 de janeiro de 2025 e 28 de fevereiro de 2026, sendo a primeira fase dedicada \u00e0 prepara\u00e7\u00e3o f\u00edsica e \u00e0 aquisi\u00e7\u00e3o de conhecimentos em m\u00faltiplas val\u00eancias necess\u00e1rias ao desempenho da profiss\u00e3o, seguida de um est\u00e1gio de seis meses.<\/p>\n\n\n\n<p>A presidente do munic\u00edpio manifestou <em>&#8220;grande orgulho&#8221;<\/em> por participar na cerim\u00f3nia de compromisso de honra, que contou com a presen\u00e7a do secret\u00e1rio de Estado Adjunto e da Administra\u00e7\u00e3o Interna, Paulo Ribeiro, e deixou aos bombeiros da companhia <em>&#8220;uma palavra sincera de gratid\u00e3o pelo trabalho que realizam todos os dias em defesa da vida, dos bens e da seguran\u00e7a&#8221;<\/em> das popula\u00e7\u00f5es.<\/p>\n\n\n\n<p><em>&#8220;Ser bombeiro sapador \u00e9 assumir uma responsabilidade exigente, \u00e9 estar preparado para intervir nos momentos mais dif\u00edceis, no combate aos inc\u00eandios, no socorro \u00e0s popula\u00e7\u00f5es, na prote\u00e7\u00e3o civil, nos acidentes e em tantas, tantas outras situa\u00e7\u00f5es em que a vida e os bens das pessoas dependem da rapidez, da compet\u00eancia e da coragem de quem est\u00e1 no terreno&#8221;<\/em>, notou.<\/p>\n\n\n\n<p>A cerim\u00f3nia contou ainda com a presen\u00e7a da vice-presidente Maria do Carmo Tiago e dos vereadores Paulo Maia, Bruno Russo (todos eleitos pelo movimento Set\u00fabal de Volta), Fernando Jos\u00e9 (PS), Edgar Jesus (Chega) e Nuno Costa (CDU) e dos presidentes das juntas de freguesia de Azeit\u00e3o, do Sado e da Uni\u00e3o das Freguesias de Set\u00fabal, Tiago Cardoso, Marlene Caetano e Nuno Cruz.<\/p>\n\n\n\n<p>Tiago Pereira, em representa\u00e7\u00e3o da Assembleia Municipal, o comandante sub-regional de Emerg\u00eancia e Prote\u00e7\u00e3o Civil da Pen\u00ednsula de Set\u00fabal, S\u00e9rgio Moura, e o vice-presidente da Liga dos Bombeiros de Portugal, Eduardo Correia, tamb\u00e9m compareceram, bem como representantes de v\u00e1rias institui\u00e7\u00f5es p\u00fablicas, civis e da \u00e1rea da seguran\u00e7a e prote\u00e7\u00e3o civil.<\/p>\n\n\n\n<p>O secret\u00e1rio de Estado Paulo Ribeiro agradeceu aos 14 novos bombeiros sapadores, porque <em>&#8220;n\u00e3o escolheram uma profiss\u00e3o f\u00e1cil&#8221;<\/em>, mas, sim, <em>&#8220;uma das mais dignas e nobres formas de servir&#8221;<\/em> o pa\u00eds, instando-os a nunca esquecerem <em>&#8220;o lema principal dos bombeiros, &#8216;vida por vida'&#8221;<\/em>.<\/p>\n\n\n\n<p>Ap\u00f3s destacar o <em>&#8220;papel de excel\u00eancia&#8221;<\/em> desempenhado pela CBSS <em>&#8220;no sistema de prote\u00e7\u00e3o civil do concelho, do distrito e tamb\u00e9m do pa\u00eds&#8221;<\/em>, o governante saudou a presidente Maria das Dores Meira e todos os autarcas que investem nos corpos de bombeiros sapadores e volunt\u00e1rios e <em>&#8220;valorizam a prote\u00e7\u00e3o civil como uma prioridade no seu concelho&#8221;<\/em>.<\/p>\n\n\n\n<p>O secret\u00e1rio de Estado frisou que a aposta na prote\u00e7\u00e3o civil \u00e9 <em>&#8220;uma forma mais direta&#8221;<\/em> de proteger e salvar vidas, bens e o patrim\u00f3nio coletivo e ambiental, notando que <em>&#8220;\u00e9 ao n\u00edvel local que se identificam os principais riscos, que se planeiam medidas de preven\u00e7\u00e3o e de resposta e que se promove, junto das popula\u00e7\u00f5es, uma verdadeira cultura de consci\u00eancia e de prepara\u00e7\u00e3o&#8221;<\/em> para enfrentar as situa\u00e7\u00f5es de risco.<\/p>\n\n\n\n<p><em>&#8220;Os riscos existem, eles est\u00e3o a\u00ed, e compete-nos a todos n\u00f3s, ao Governo, aos munic\u00edpios, \u00e0s for\u00e7as e servi\u00e7os de seguran\u00e7a, \u00e0 prote\u00e7\u00e3o civil, mas tamb\u00e9m a n\u00f3s, cidad\u00e3os, agirmos de forma articulada e concertada para os minimizar&#8221;<\/em>, afirmou.<\/p>\n\n\n\n<p>O comandante da CBSS, David Domingues, disse aos novos efetivos que <em>&#8220;ser bombeiro \u00e9 ser altru\u00edsta&#8221;<\/em> e que <em>&#8220;o mais dif\u00edcil est\u00e1 para vir, \u00e9 cada dia, cada momento, cada obst\u00e1culo que ir\u00e3o passar e enfrentar com sentido de miss\u00e3o&#8221;<\/em>, salientando que, quando recorre aos servi\u00e7os da companhia, a popula\u00e7\u00e3o est\u00e1 fr\u00e1gil e olha para os bombeiros sapadores <em>&#8220;como \u00faltimo reduto&#8221;<\/em> capaz de a ajudar, apoiar e socorrer.<\/p>\n\n\n\n<p>Antes de agradecer a todos os bombeiros sapadores, David Domingues expressou um <em>&#8220;profundo reconhecimento e agradecimento pela vis\u00e3o estrat\u00e9gica que a C\u00e2mara Municipal de Set\u00fabal tem assumido&#8221;<\/em> relativamente \u00e0 CBSS, vendo na companhia <em>&#8220;n\u00e3o um custo, mas um investimento decisivo para a seguran\u00e7a&#8221;<\/em> do concelho e para a confian\u00e7a dos mun\u00edcipes.<\/p>\n\n\n\n<p>A presidente da autarquia entregou ao subchefe de 1.\u00aa classe Jos\u00e9 Alves uma medalha de louvor <em>&#8220;como reconhecimento p\u00fablico pelo seu exemplar percurso profissional e pelos relevantes servi\u00e7os prestados \u00e0 Companhia de Bombeiros Sapadores de Set\u00fabal, ao munic\u00edpio de Set\u00fabal e aos seus mun\u00edcipes&#8221;<\/em>, como referia a proposta aprovada por unanimidade pelo executivo municipal na reuni\u00e3o p\u00fablica de 4 de mar\u00e7o.<\/p>\n\n\n\n<p><em>&#8220;Trata-se de um momento que valoriza o m\u00e9rito, o empenho e o exemplo que inspiram todos os que servem nesta casa. Ao homenageado, deixo as mais sinceras felicita\u00e7\u00f5es e o reconhecimento da C\u00e2mara Municipal de Set\u00fabal&#8221;<\/em>, afirmou a autarca, enquanto o comandante da CBSS salientou que Jos\u00e9 Alves \u00e9 <em>&#8220;o exemplo&#8221;<\/em> que os novos efetivos devem seguir como um <em>&#8220;farol&#8221;<\/em> para a carreira.<\/p>\n\n\n\n<p>Este foi o primeiro louvor atribu\u00eddo pelo munic\u00edpio desde 2004 em reconhecimento pelo desempenho dos Bombeiros Sapadores de Set\u00fabal, tendo Jos\u00e9 Alves demonstrado <em>&#8220;qualidades profissionais e humanas de elevado m\u00e9rito&#8221;<\/em> em mais de tr\u00eas d\u00e9cadas de servi\u00e7o da CBSS e um contributo destacado como formador nas \u00e1reas de combate a inc\u00eandios urbanos e de desencarceramento.<\/p>\n\n\n\n<p>Ap\u00f3s a sess\u00e3o solene teve lugar um simulacro destinado a demonstrar algumas val\u00eancias t\u00e9cnicas da CBSS, nomeadamente um combate a inc\u00eandio urbano com resgate de uma v\u00edtima, um desencarceramento e uma descontamina\u00e7\u00e3o.<\/p>\n\n\n\n<figure class=\"wp-block-gallery has-nested-images columns-default is-cropped wp-block-gallery-1 is-layout-flex wp-block-gallery-is-layout-flex\">\n<figure class=\"wp-block-image size-large\"><img loading=\"lazy\" decoding=\"async\" width=\"1024\" height=\"683\" data-id=\"627\" src=\"https:\/\/www.somdabaixasetubal.pt\/site\/wp-content\/uploads\/2026\/03\/Cerimonia_Compromisso_Honra_Recruta_CBSS_2026_15-1024x683.jpg\" alt=\"\" class=\"wp-image-627\" srcset=\"https:\/\/www.somdabaixasetubal.pt\/site\/wp-content\/uploads\/2026\/03\/Cerimonia_Compromisso_Honra_Recruta_CBSS_2026_15-1024x683.jpg 1024w, https:\/\/www.somdabaixasetubal.pt\/site\/wp-content\/uploads\/2026\/03\/Cerimonia_Compromisso_Honra_Recruta_CBSS_2026_15-300x200.jpg 300w, https:\/\/www.somdabaixasetubal.pt\/site\/wp-content\/uploads\/2026\/03\/Cerimonia_Compromisso_Honra_Recruta_CBSS_2026_15-768x512.jpg 768w, https:\/\/www.somdabaixasetubal.pt\/site\/wp-content\/uploads\/2026\/03\/Cerimonia_Compromisso_Honra_Recruta_CBSS_2026_15-1536x1024.jpg 1536w, https:\/\/www.somdabaixasetubal.pt\/site\/wp-content\/uploads\/2026\/03\/Cerimonia_Compromisso_Honra_Recruta_CBSS_2026_15-2048x1365.jpg 2048w, https:\/\/www.somdabaixasetubal.pt\/site\/wp-content\/uploads\/2026\/03\/Cerimonia_Compromisso_Honra_Recruta_CBSS_2026_15-630x420.jpg 630w, https:\/\/www.somdabaixasetubal.pt\/site\/wp-content\/uploads\/2026\/03\/Cerimonia_Compromisso_Honra_Recruta_CBSS_2026_15-150x100.jpg 150w, https:\/\/www.somdabaixasetubal.pt\/site\/wp-content\/uploads\/2026\/03\/Cerimonia_Compromisso_Honra_Recruta_CBSS_2026_15-696x464.jpg 696w, https:\/\/www.somdabaixasetubal.pt\/site\/wp-content\/uploads\/2026\/03\/Cerimonia_Compromisso_Honra_Recruta_CBSS_2026_15-1068x712.jpg 1068w, https:\/\/www.somdabaixasetubal.pt\/site\/wp-content\/uploads\/2026\/03\/Cerimonia_Compromisso_Honra_Recruta_CBSS_2026_15-1920x1280.jpg 1920w\" sizes=\"auto, (max-width: 1024px) 100vw, 1024px\" \/><\/figure>\n\n\n\n<figure class=\"wp-block-image size-large\"><img loading=\"lazy\" decoding=\"async\" width=\"1024\" height=\"683\" data-id=\"628\" src=\"https:\/\/www.somdabaixasetubal.pt\/site\/wp-content\/uploads\/2026\/03\/Cerimonia_Compromisso_Honra_Recruta_CBSS_2026_13-1024x683.jpg\" alt=\"\" class=\"wp-image-628\" srcset=\"https:\/\/www.somdabaixasetubal.pt\/site\/wp-content\/uploads\/2026\/03\/Cerimonia_Compromisso_Honra_Recruta_CBSS_2026_13-1024x683.jpg 1024w, https:\/\/www.somdabaixasetubal.pt\/site\/wp-content\/uploads\/2026\/03\/Cerimonia_Compromisso_Honra_Recruta_CBSS_2026_13-300x200.jpg 300w, https:\/\/www.somdabaixasetubal.pt\/site\/wp-content\/uploads\/2026\/03\/Cerimonia_Compromisso_Honra_Recruta_CBSS_2026_13-768x512.jpg 768w, https:\/\/www.somdabaixasetubal.pt\/site\/wp-content\/uploads\/2026\/03\/Cerimonia_Compromisso_Honra_Recruta_CBSS_2026_13-1536x1024.jpg 1536w, https:\/\/www.somdabaixasetubal.pt\/site\/wp-content\/uploads\/2026\/03\/Cerimonia_Compromisso_Honra_Recruta_CBSS_2026_13-2048x1365.jpg 2048w, https:\/\/www.somdabaixasetubal.pt\/site\/wp-content\/uploads\/2026\/03\/Cerimonia_Compromisso_Honra_Recruta_CBSS_2026_13-630x420.jpg 630w, https:\/\/www.somdabaixasetubal.pt\/site\/wp-content\/uploads\/2026\/03\/Cerimonia_Compromisso_Honra_Recruta_CBSS_2026_13-150x100.jpg 150w, https:\/\/www.somdabaixasetubal.pt\/site\/wp-content\/uploads\/2026\/03\/Cerimonia_Compromisso_Honra_Recruta_CBSS_2026_13-696x464.jpg 696w, https:\/\/www.somdabaixasetubal.pt\/site\/wp-content\/uploads\/2026\/03\/Cerimonia_Compromisso_Honra_Recruta_CBSS_2026_13-1068x712.jpg 1068w, https:\/\/www.somdabaixasetubal.pt\/site\/wp-content\/uploads\/2026\/03\/Cerimonia_Compromisso_Honra_Recruta_CBSS_2026_13-1920x1280.jpg 1920w\" sizes=\"auto, (max-width: 1024px) 100vw, 1024px\" \/><\/figure>\n\n\n\n<figure class=\"wp-block-image size-large\"><img loading=\"lazy\" decoding=\"async\" width=\"1024\" height=\"683\" data-id=\"629\" src=\"https:\/\/www.somdabaixasetubal.pt\/site\/wp-content\/uploads\/2026\/03\/Cerimonia_Compromisso_Honra_Recruta_CBSS_2026_6-1024x683.jpg\" alt=\"\" class=\"wp-image-629\" srcset=\"https:\/\/www.somdabaixasetubal.pt\/site\/wp-content\/uploads\/2026\/03\/Cerimonia_Compromisso_Honra_Recruta_CBSS_2026_6-1024x683.jpg 1024w, https:\/\/www.somdabaixasetubal.pt\/site\/wp-content\/uploads\/2026\/03\/Cerimonia_Compromisso_Honra_Recruta_CBSS_2026_6-300x200.jpg 300w, https:\/\/www.somdabaixasetubal.pt\/site\/wp-content\/uploads\/2026\/03\/Cerimonia_Compromisso_Honra_Recruta_CBSS_2026_6-768x512.jpg 768w, https:\/\/www.somdabaixasetubal.pt\/site\/wp-content\/uploads\/2026\/03\/Cerimonia_Compromisso_Honra_Recruta_CBSS_2026_6-1536x1024.jpg 1536w, https:\/\/www.somdabaixasetubal.pt\/site\/wp-content\/uploads\/2026\/03\/Cerimonia_Compromisso_Honra_Recruta_CBSS_2026_6-2048x1365.jpg 2048w, https:\/\/www.somdabaixasetubal.pt\/site\/wp-content\/uploads\/2026\/03\/Cerimonia_Compromisso_Honra_Recruta_CBSS_2026_6-630x420.jpg 630w, https:\/\/www.somdabaixasetubal.pt\/site\/wp-content\/uploads\/2026\/03\/Cerimonia_Compromisso_Honra_Recruta_CBSS_2026_6-150x100.jpg 150w, https:\/\/www.somdabaixasetubal.pt\/site\/wp-content\/uploads\/2026\/03\/Cerimonia_Compromisso_Honra_Recruta_CBSS_2026_6-696x464.jpg 696w, https:\/\/www.somdabaixasetubal.pt\/site\/wp-content\/uploads\/2026\/03\/Cerimonia_Compromisso_Honra_Recruta_CBSS_2026_6-1068x712.jpg 1068w, https:\/\/www.somdabaixasetubal.pt\/site\/wp-content\/uploads\/2026\/03\/Cerimonia_Compromisso_Honra_Recruta_CBSS_2026_6-1920x1280.jpg 1920w\" sizes=\"auto, (max-width: 1024px) 100vw, 1024px\" \/><\/figure>\n\n\n\n<figure class=\"wp-block-image size-large\"><img loading=\"lazy\" decoding=\"async\" width=\"1024\" height=\"683\" data-id=\"630\" src=\"https:\/\/www.somdabaixasetubal.pt\/site\/wp-content\/uploads\/2026\/03\/Cerimonia_Compromisso_Honra_Recruta_CBSS_2026_30-1024x683.jpg\" alt=\"\" class=\"wp-image-630\" srcset=\"https:\/\/www.somdabaixasetubal.pt\/site\/wp-content\/uploads\/2026\/03\/Cerimonia_Compromisso_Honra_Recruta_CBSS_2026_30-1024x683.jpg 1024w, https:\/\/www.somdabaixasetubal.pt\/site\/wp-content\/uploads\/2026\/03\/Cerimonia_Compromisso_Honra_Recruta_CBSS_2026_30-300x200.jpg 300w, https:\/\/www.somdabaixasetubal.pt\/site\/wp-content\/uploads\/2026\/03\/Cerimonia_Compromisso_Honra_Recruta_CBSS_2026_30-768x512.jpg 768w, https:\/\/www.somdabaixasetubal.pt\/site\/wp-content\/uploads\/2026\/03\/Cerimonia_Compromisso_Honra_Recruta_CBSS_2026_30-1536x1024.jpg 1536w, https:\/\/www.somdabaixasetubal.pt\/site\/wp-content\/uploads\/2026\/03\/Cerimonia_Compromisso_Honra_Recruta_CBSS_2026_30-2048x1365.jpg 2048w, https:\/\/www.somdabaixasetubal.pt\/site\/wp-content\/uploads\/2026\/03\/Cerimonia_Compromisso_Honra_Recruta_CBSS_2026_30-630x420.jpg 630w, https:\/\/www.somdabaixasetubal.pt\/site\/wp-content\/uploads\/2026\/03\/Cerimonia_Compromisso_Honra_Recruta_CBSS_2026_30-150x100.jpg 150w, https:\/\/www.somdabaixasetubal.pt\/site\/wp-content\/uploads\/2026\/03\/Cerimonia_Compromisso_Honra_Recruta_CBSS_2026_30-696x464.jpg 696w, https:\/\/www.somdabaixasetubal.pt\/site\/wp-content\/uploads\/2026\/03\/Cerimonia_Compromisso_Honra_Recruta_CBSS_2026_30-1068x712.jpg 1068w, https:\/\/www.somdabaixasetubal.pt\/site\/wp-content\/uploads\/2026\/03\/Cerimonia_Compromisso_Honra_Recruta_CBSS_2026_30-1920x1280.jpg 1920w\" sizes=\"auto, (max-width: 1024px) 100vw, 1024px\" \/><\/figure>\n\n\n\n<figure class=\"wp-block-image size-large\"><img loading=\"lazy\" decoding=\"async\" width=\"1024\" height=\"683\" data-id=\"626\" src=\"https:\/\/www.somdabaixasetubal.pt\/site\/wp-content\/uploads\/2026\/03\/Cerimonia_Compromisso_Honra_Recruta_CBSS_2026_23-1024x683.jpg\" alt=\"\" class=\"wp-image-626\" srcset=\"https:\/\/www.somdabaixasetubal.pt\/site\/wp-content\/uploads\/2026\/03\/Cerimonia_Compromisso_Honra_Recruta_CBSS_2026_23-1024x683.jpg 1024w, https:\/\/www.somdabaixasetubal.pt\/site\/wp-content\/uploads\/2026\/03\/Cerimonia_Compromisso_Honra_Recruta_CBSS_2026_23-300x200.jpg 300w, https:\/\/www.somdabaixasetubal.pt\/site\/wp-content\/uploads\/2026\/03\/Cerimonia_Compromisso_Honra_Recruta_CBSS_2026_23-768x512.jpg 768w, https:\/\/www.somdabaixasetubal.pt\/site\/wp-content\/uploads\/2026\/03\/Cerimonia_Compromisso_Honra_Recruta_CBSS_2026_23-1536x1024.jpg 1536w, https:\/\/www.somdabaixasetubal.pt\/site\/wp-content\/uploads\/2026\/03\/Cerimonia_Compromisso_Honra_Recruta_CBSS_2026_23-2048x1365.jpg 2048w, https:\/\/www.somdabaixasetubal.pt\/site\/wp-content\/uploads\/2026\/03\/Cerimonia_Compromisso_Honra_Recruta_CBSS_2026_23-630x420.jpg 630w, https:\/\/www.somdabaixasetubal.pt\/site\/wp-content\/uploads\/2026\/03\/Cerimonia_Compromisso_Honra_Recruta_CBSS_2026_23-150x100.jpg 150w, https:\/\/www.somdabaixasetubal.pt\/site\/wp-content\/uploads\/2026\/03\/Cerimonia_Compromisso_Honra_Recruta_CBSS_2026_23-696x464.jpg 696w, https:\/\/www.somdabaixasetubal.pt\/site\/wp-content\/uploads\/2026\/03\/Cerimonia_Compromisso_Honra_Recruta_CBSS_2026_23-1068x712.jpg 1068w, https:\/\/www.somdabaixasetubal.pt\/site\/wp-content\/uploads\/2026\/03\/Cerimonia_Compromisso_Honra_Recruta_CBSS_2026_23-1920x1280.jpg 1920w\" sizes=\"auto, (max-width: 1024px) 100vw, 1024px\" \/><\/figure>\n\n\n\n<figure class=\"wp-block-image size-large\"><img loading=\"lazy\" decoding=\"async\" width=\"1024\" height=\"683\" data-id=\"625\" src=\"https:\/\/www.somdabaixasetubal.pt\/site\/wp-content\/uploads\/2026\/03\/Cerimonia_Compromisso_Honra_Recruta_CBSS_2026_26-1024x683.jpg\" alt=\"\" class=\"wp-image-625\" srcset=\"https:\/\/www.somdabaixasetubal.pt\/site\/wp-content\/uploads\/2026\/03\/Cerimonia_Compromisso_Honra_Recruta_CBSS_2026_26-1024x683.jpg 1024w, https:\/\/www.somdabaixasetubal.pt\/site\/wp-content\/uploads\/2026\/03\/Cerimonia_Compromisso_Honra_Recruta_CBSS_2026_26-300x200.jpg 300w, https:\/\/www.somdabaixasetubal.pt\/site\/wp-content\/uploads\/2026\/03\/Cerimonia_Compromisso_Honra_Recruta_CBSS_2026_26-768x512.jpg 768w, https:\/\/www.somdabaixasetubal.pt\/site\/wp-content\/uploads\/2026\/03\/Cerimonia_Compromisso_Honra_Recruta_CBSS_2026_26-1536x1024.jpg 1536w, https:\/\/www.somdabaixasetubal.pt\/site\/wp-content\/uploads\/2026\/03\/Cerimonia_Compromisso_Honra_Recruta_CBSS_2026_26-2048x1365.jpg 2048w, https:\/\/www.somdabaixasetubal.pt\/site\/wp-content\/uploads\/2026\/03\/Cerimonia_Compromisso_Honra_Recruta_CBSS_2026_26-630x420.jpg 630w, https:\/\/www.somdabaixasetubal.pt\/site\/wp-content\/uploads\/2026\/03\/Cerimonia_Compromisso_Honra_Recruta_CBSS_2026_26-150x100.jpg 150w, https:\/\/www.somdabaixasetubal.pt\/site\/wp-content\/uploads\/2026\/03\/Cerimonia_Compromisso_Honra_Recruta_CBSS_2026_26-696x464.jpg 696w, https:\/\/www.somdabaixasetubal.pt\/site\/wp-content\/uploads\/2026\/03\/Cerimonia_Compromisso_Honra_Recruta_CBSS_2026_26-1068x712.jpg 1068w, https:\/\/www.somdabaixasetubal.pt\/site\/wp-content\/uploads\/2026\/03\/Cerimonia_Compromisso_Honra_Recruta_CBSS_2026_26-1920x1280.jpg 1920w\" sizes=\"auto, (max-width: 1024px) 100vw, 1024px\" \/><\/figure>\n<\/figure>\n","protected":false},"excerpt":{"rendered":"<p>A Companhia de Bombeiros Sapadores de Set\u00fabal passa a ter 119 efetivos com a incorpora\u00e7\u00e3o de 14 novos elementos, que, conclu\u00edda a recruta, prestaram esta manh\u00e3 o compromisso de honra em cerim\u00f3nia realizada defronte dos Pa\u00e7os do Concelho. Ap\u00f3s a imposi\u00e7\u00e3o das divisas e da boina e do juramento dos novos bombeiros sapadores, a presidente [&hellip;]<\/p>\n","protected":false},"author":2,"featured_media":627,"comment_status":"closed","ping_status":"open","sticky":false,"template":"","format":"standard","meta":{"pagelayer_contact_templates":[],"_pagelayer_content":"","iawp_total_views":112,"footnotes":""},"categories":[9],"tags":[95],"class_list":{"0":"post-624","1":"post","2":"type-post","3":"status-publish","4":"format-standard","5":"has-post-thumbnail","7":"category-cidade","8":"tag-a-companhia-de-bombeiros-sapadores-de-setubal-passa-a-ter-119-efetivos"},"_links":{"self":[{"href":"https:\/\/www.somdabaixasetubal.pt\/site\/wp-json\/wp\/v2\/posts\/624","targetHints":{"allow":["GET"]}}],"collection":[{"href":"https:\/\/www.somdabaixasetubal.pt\/site\/wp-json\/wp\/v2\/posts"}],"about":[{"href":"https:\/\/www.somdabaixasetubal.pt\/site\/wp-json\/wp\/v2\/types\/post"}],"author":[{"embeddable":true,"href":"https:\/\/www.somdabaixasetubal.pt\/site\/wp-json\/wp\/v2\/users\/2"}],"replies":[{"embeddable":true,"href":"https:\/\/www.somdabaixasetubal.pt\/site\/wp-json\/wp\/v2\/comments?post=624"}],"version-history":[{"count":1,"href":"https:\/\/www.somdabaixasetubal.pt\/site\/wp-json\/wp\/v2\/posts\/624\/revisions"}],"predecessor-version":[{"id":631,"href":"https:\/\/www.somdabaixasetubal.pt\/site\/wp-json\/wp\/v2\/posts\/624\/revisions\/631"}],"wp:featuredmedia":[{"embeddable":true,"href":"https:\/\/www.somdabaixasetubal.pt\/site\/wp-json\/wp\/v2\/media\/627"}],"wp:attachment":[{"href":"https:\/\/www.somdabaixasetubal.pt\/site\/wp-json\/wp\/v2\/media?parent=624"}],"wp:term":[{"taxonomy":"category","embeddable":true,"href":"https:\/\/www.somdabaixasetubal.pt\/site\/wp-json\/wp\/v2\/categories?post=624"},{"taxonomy":"post_tag","embeddable":true,"href":"https:\/\/www.somdabaixasetubal.pt\/site\/wp-json\/wp\/v2\/tags?post=624"}],"curies":[{"name":"wp","href":"https:\/\/api.w.org\/{rel}","templated":true}]}}