{"id":466,"date":"2025-10-28T20:15:50","date_gmt":"2025-10-28T20:15:50","guid":{"rendered":"https:\/\/www.somdabaixasetubal.pt\/site\/?p=466"},"modified":"2025-10-28T20:15:51","modified_gmt":"2025-10-28T20:15:51","slug":"exercicio-treina-autoprotecao-em-caso-de-sismo","status":"publish","type":"post","link":"https:\/\/www.somdabaixasetubal.pt\/site\/exercicio-treina-autoprotecao-em-caso-de-sismo\/","title":{"rendered":"Exerc\u00edcio treina autoprote\u00e7\u00e3o em caso de sismo"},"content":{"rendered":"\n<p>A Autoridade Nacional de Emerg\u00eancia e Prote\u00e7\u00e3o Civil promove a 5 de novembro, exatamente \u00e0s 11h05, a 13.\u00aa edi\u00e7\u00e3o do exerc\u00edcio p\u00fablico de sensibiliza\u00e7\u00e3o para o risco s\u00edsmico \u201cA Terra Treme\u201d, em que todos podem participar.<\/p>\n\n\n\n<p>A a\u00e7\u00e3o, de \u00e2mbito nacional, organizada em colabora\u00e7\u00e3o com diversas entidades p\u00fablicas e privadas, visa capacitar a popula\u00e7\u00e3o de no\u00e7\u00f5es sobre os comportamentos a adotar antes, durante e depois de um sismo, de modo a promover uma maior resili\u00eancia.<\/p>\n\n\n\n<p>Durante um minuto apenas, as pessoas, a t\u00edtulo individual ou coletivo \u2013 fam\u00edlias, escolas, empresas e institui\u00e7\u00f5es p\u00fablicas, privadas ou associativas, em qualquer local onde se encontrem, s\u00e3o convidadas a executar os tr\u00eas gestos de autoprote\u00e7\u00e3o, concretamente baixar, proteger e aguardar.<\/p>\n\n\n\n<p>Para que a Autoridade Nacional de Emerg\u00eancia e Prote\u00e7\u00e3o Civil possa acompanhar a ades\u00e3o \u00e0 iniciativa em todo o pa\u00eds, os participantes devem registar-se <a href=\"http:\/\/www.aterratreme.pt\" target=\"_blank\" rel=\"noreferrer noopener\">nesta liga\u00e7\u00e3o.<\/a><\/p>\n\n\n\n<p>O exerc\u00edcio p\u00fablico \u201cA Terra Treme\u201d, este ano coincidente com o Dia Mundial de Sensibiliza\u00e7\u00e3o para o Risco de Tsunami, procura alargar o conhecimento sobre os riscos s\u00edsmicos e, assim, contribuir para a constru\u00e7\u00e3o de uma sociedade mais resiliente.<\/p>\n","protected":false},"excerpt":{"rendered":"<p>A Autoridade Nacional de Emerg\u00eancia e Prote\u00e7\u00e3o Civil promove a 5 de novembro, exatamente \u00e0s 11h05, a 13.\u00aa edi\u00e7\u00e3o do exerc\u00edcio p\u00fablico de sensibiliza\u00e7\u00e3o para o risco s\u00edsmico \u201cA Terra Treme\u201d, em que todos podem participar. A a\u00e7\u00e3o, de \u00e2mbito nacional, organizada em colabora\u00e7\u00e3o com diversas entidades p\u00fablicas e privadas, visa capacitar a popula\u00e7\u00e3o de [&hellip;]<\/p>\n","protected":false},"author":2,"featured_media":467,"comment_status":"closed","ping_status":"open","sticky":false,"template":"","format":"standard","meta":{"pagelayer_contact_templates":[],"_pagelayer_content":"","iawp_total_views":7,"footnotes":""},"categories":[9],"tags":[60],"class_list":{"0":"post-466","1":"post","2":"type-post","3":"status-publish","4":"format-standard","5":"has-post-thumbnail","7":"category-cidade","8":"tag-exercicio-treina-autoprotecao-em-caso-de-sismo"},"_links":{"self":[{"href":"https:\/\/www.somdabaixasetubal.pt\/site\/wp-json\/wp\/v2\/posts\/466","targetHints":{"allow":["GET"]}}],"collection":[{"href":"https:\/\/www.somdabaixasetubal.pt\/site\/wp-json\/wp\/v2\/posts"}],"about":[{"href":"https:\/\/www.somdabaixasetubal.pt\/site\/wp-json\/wp\/v2\/types\/post"}],"author":[{"embeddable":true,"href":"https:\/\/www.somdabaixasetubal.pt\/site\/wp-json\/wp\/v2\/users\/2"}],"replies":[{"embeddable":true,"href":"https:\/\/www.somdabaixasetubal.pt\/site\/wp-json\/wp\/v2\/comments?post=466"}],"version-history":[{"count":1,"href":"https:\/\/www.somdabaixasetubal.pt\/site\/wp-json\/wp\/v2\/posts\/466\/revisions"}],"predecessor-version":[{"id":468,"href":"https:\/\/www.somdabaixasetubal.pt\/site\/wp-json\/wp\/v2\/posts\/466\/revisions\/468"}],"wp:featuredmedia":[{"embeddable":true,"href":"https:\/\/www.somdabaixasetubal.pt\/site\/wp-json\/wp\/v2\/media\/467"}],"wp:attachment":[{"href":"https:\/\/www.somdabaixasetubal.pt\/site\/wp-json\/wp\/v2\/media?parent=466"}],"wp:term":[{"taxonomy":"category","embeddable":true,"href":"https:\/\/www.somdabaixasetubal.pt\/site\/wp-json\/wp\/v2\/categories?post=466"},{"taxonomy":"post_tag","embeddable":true,"href":"https:\/\/www.somdabaixasetubal.pt\/site\/wp-json\/wp\/v2\/tags?post=466"}],"curies":[{"name":"wp","href":"https:\/\/api.w.org\/{rel}","templated":true}]}}