{"id":392,"date":"2025-10-21T23:17:47","date_gmt":"2025-10-21T22:17:47","guid":{"rendered":"https:\/\/www.somdabaixasetubal.pt\/site\/?p=392"},"modified":"2025-10-22T19:10:20","modified_gmt":"2025-10-22T18:10:20","slug":"tomada-de-posse-na-uniao-das-freguesias-de-setubal","status":"publish","type":"post","link":"https:\/\/www.somdabaixasetubal.pt\/site\/tomada-de-posse-na-uniao-das-freguesias-de-setubal\/","title":{"rendered":"Tomada de Posse na Uni\u00e3o das Freguesias de Set\u00fabal"},"content":{"rendered":"\n<p><strong>Nuno Cruz assume fun\u00e7\u00f5es no dia 3 de novembro<\/strong><\/p>\n\n\n\n<p>A <strong>cerim\u00f3nia de tomada de posse<\/strong> dos novos \u00f3rg\u00e3os da <strong>Uni\u00e3o das Freguesias de Set\u00fabal<\/strong> ter\u00e1 lugar no pr\u00f3ximo <strong>dia 3 de novembro<\/strong>, pelas <strong>20:30 no Casar\u00e3o, Casal das Figueiras<\/strong>, marcando o in\u00edcio de um novo mandato aut\u00e1rquico.<\/p>\n\n\n\n<p><strong>Nuno Cruz<\/strong> tomar\u00e1 posse como <strong>Presidente da Uni\u00e3o das Freguesias de Set\u00fabal<\/strong>, assumindo o compromisso de continuar a trabalhar em prol do desenvolvimento local e da proximidade com a comunidade.<\/p>\n\n\n\n<p>O <strong>Som da Baixa Set\u00fabal<\/strong> estar\u00e1 presente neste importante momento da vida democr\u00e1tica da cidade, que simboliza o arranque de uma nova etapa dedicada ao servi\u00e7o p\u00fablico e ao bem-estar dos cidad\u00e3os.<\/p>\n","protected":false},"excerpt":{"rendered":"<p>Nuno Cruz assume fun\u00e7\u00f5es no dia 3 de novembro A cerim\u00f3nia de tomada de posse dos novos \u00f3rg\u00e3os da Uni\u00e3o das Freguesias de Set\u00fabal ter\u00e1 lugar no pr\u00f3ximo dia 3 de novembro, pelas 20:30 no Casar\u00e3o, Casal das Figueiras, marcando o in\u00edcio de um novo mandato aut\u00e1rquico. Nuno Cruz tomar\u00e1 posse como Presidente da Uni\u00e3o [&hellip;]<\/p>\n","protected":false},"author":2,"featured_media":393,"comment_status":"closed","ping_status":"open","sticky":false,"template":"","format":"standard","meta":{"pagelayer_contact_templates":[],"_pagelayer_content":"","iawp_total_views":24,"footnotes":""},"categories":[8],"tags":[47],"class_list":{"0":"post-392","1":"post","2":"type-post","3":"status-publish","4":"format-standard","5":"has-post-thumbnail","7":"category-freguesias","8":"tag-tomada-de-posse-na-uniao-das-freguesias-de-setubal"},"_links":{"self":[{"href":"https:\/\/www.somdabaixasetubal.pt\/site\/wp-json\/wp\/v2\/posts\/392","targetHints":{"allow":["GET"]}}],"collection":[{"href":"https:\/\/www.somdabaixasetubal.pt\/site\/wp-json\/wp\/v2\/posts"}],"about":[{"href":"https:\/\/www.somdabaixasetubal.pt\/site\/wp-json\/wp\/v2\/types\/post"}],"author":[{"embeddable":true,"href":"https:\/\/www.somdabaixasetubal.pt\/site\/wp-json\/wp\/v2\/users\/2"}],"replies":[{"embeddable":true,"href":"https:\/\/www.somdabaixasetubal.pt\/site\/wp-json\/wp\/v2\/comments?post=392"}],"version-history":[{"count":2,"href":"https:\/\/www.somdabaixasetubal.pt\/site\/wp-json\/wp\/v2\/posts\/392\/revisions"}],"predecessor-version":[{"id":406,"href":"https:\/\/www.somdabaixasetubal.pt\/site\/wp-json\/wp\/v2\/posts\/392\/revisions\/406"}],"wp:featuredmedia":[{"embeddable":true,"href":"https:\/\/www.somdabaixasetubal.pt\/site\/wp-json\/wp\/v2\/media\/393"}],"wp:attachment":[{"href":"https:\/\/www.somdabaixasetubal.pt\/site\/wp-json\/wp\/v2\/media?parent=392"}],"wp:term":[{"taxonomy":"category","embeddable":true,"href":"https:\/\/www.somdabaixasetubal.pt\/site\/wp-json\/wp\/v2\/categories?post=392"},{"taxonomy":"post_tag","embeddable":true,"href":"https:\/\/www.somdabaixasetubal.pt\/site\/wp-json\/wp\/v2\/tags?post=392"}],"curies":[{"name":"wp","href":"https:\/\/api.w.org\/{rel}","templated":true}]}}