{"id":385,"date":"2025-10-21T22:50:35","date_gmt":"2025-10-21T21:50:35","guid":{"rendered":"https:\/\/www.somdabaixasetubal.pt\/site\/?p=385"},"modified":"2025-10-21T23:08:13","modified_gmt":"2025-10-21T22:08:13","slug":"tomada-de-posse-na-junta-de-freguesia-do-sado","status":"publish","type":"post","link":"https:\/\/www.somdabaixasetubal.pt\/site\/tomada-de-posse-na-junta-de-freguesia-do-sado\/","title":{"rendered":"Tomada de Posse na Junta de Freguesia do Sado"},"content":{"rendered":"\n<p><strong>Marlene Caetano assume a presid\u00eancia no dia 27 de outubro<\/strong><\/p>\n\n\n\n<p>A cerim\u00f3nia de tomada de posse dos novos \u00f3rg\u00e3os da <strong>Junta de Freguesia do Sado<\/strong> ter\u00e1 lugar no pr\u00f3ximo <strong>dia 27 de outubro<\/strong>, marcando o in\u00edcio de um novo mandato aut\u00e1rquico.<\/p>\n\n\n\n<p><strong>Marlene Caetano<\/strong> tomar\u00e1 posse como <strong>Presidente da Junta de Freguesia do Sado<\/strong>, dando continuidade ao trabalho desenvolvido em prol da comunidade e refor\u00e7ando o compromisso com o desenvolvimento local.<\/p>\n\n\n\n<p>O <strong>Som da Baixa Set\u00fabal<\/strong> acompanhar\u00e1 este momento significativo da vida democr\u00e1tica do concelho, que simboliza o arranque de uma nova etapa ao servi\u00e7o dos cidad\u00e3os.<\/p>\n","protected":false},"excerpt":{"rendered":"<p>Marlene Caetano assume a presid\u00eancia no dia 27 de outubro A cerim\u00f3nia de tomada de posse dos novos \u00f3rg\u00e3os da Junta de Freguesia do Sado ter\u00e1 lugar no pr\u00f3ximo dia 27 de outubro, marcando o in\u00edcio de um novo mandato aut\u00e1rquico. Marlene Caetano tomar\u00e1 posse como Presidente da Junta de Freguesia do Sado, dando continuidade [&hellip;]<\/p>\n","protected":false},"author":2,"featured_media":386,"comment_status":"closed","ping_status":"open","sticky":false,"template":"","format":"standard","meta":{"pagelayer_contact_templates":[],"_pagelayer_content":"","iawp_total_views":17,"footnotes":""},"categories":[8],"tags":[45],"class_list":{"0":"post-385","1":"post","2":"type-post","3":"status-publish","4":"format-standard","5":"has-post-thumbnail","7":"category-freguesias","8":"tag-tomada-de-posse-na-junta-de-freguesia-do-sado"},"_links":{"self":[{"href":"https:\/\/www.somdabaixasetubal.pt\/site\/wp-json\/wp\/v2\/posts\/385","targetHints":{"allow":["GET"]}}],"collection":[{"href":"https:\/\/www.somdabaixasetubal.pt\/site\/wp-json\/wp\/v2\/posts"}],"about":[{"href":"https:\/\/www.somdabaixasetubal.pt\/site\/wp-json\/wp\/v2\/types\/post"}],"author":[{"embeddable":true,"href":"https:\/\/www.somdabaixasetubal.pt\/site\/wp-json\/wp\/v2\/users\/2"}],"replies":[{"embeddable":true,"href":"https:\/\/www.somdabaixasetubal.pt\/site\/wp-json\/wp\/v2\/comments?post=385"}],"version-history":[{"count":2,"href":"https:\/\/www.somdabaixasetubal.pt\/site\/wp-json\/wp\/v2\/posts\/385\/revisions"}],"predecessor-version":[{"id":391,"href":"https:\/\/www.somdabaixasetubal.pt\/site\/wp-json\/wp\/v2\/posts\/385\/revisions\/391"}],"wp:featuredmedia":[{"embeddable":true,"href":"https:\/\/www.somdabaixasetubal.pt\/site\/wp-json\/wp\/v2\/media\/386"}],"wp:attachment":[{"href":"https:\/\/www.somdabaixasetubal.pt\/site\/wp-json\/wp\/v2\/media?parent=385"}],"wp:term":[{"taxonomy":"category","embeddable":true,"href":"https:\/\/www.somdabaixasetubal.pt\/site\/wp-json\/wp\/v2\/categories?post=385"},{"taxonomy":"post_tag","embeddable":true,"href":"https:\/\/www.somdabaixasetubal.pt\/site\/wp-json\/wp\/v2\/tags?post=385"}],"curies":[{"name":"wp","href":"https:\/\/api.w.org\/{rel}","templated":true}]}}