{"id":271,"date":"2025-10-20T09:55:08","date_gmt":"2025-10-20T08:55:08","guid":{"rendered":"https:\/\/www.somdabaixasetubal.pt\/site\/?p=271"},"modified":"2025-10-20T09:55:08","modified_gmt":"2025-10-20T08:55:08","slug":"avenida-5-de-outubro-com-circulacao-condicionada","status":"publish","type":"post","link":"https:\/\/www.somdabaixasetubal.pt\/site\/avenida-5-de-outubro-com-circulacao-condicionada\/","title":{"rendered":"Avenida 5 de Outubro com circula\u00e7\u00e3o condicionada"},"content":{"rendered":"\n<p>A circula\u00e7\u00e3o autom\u00f3vel na Avenida 5 de Outubro e arruamentos adjacentes est\u00e1 condicionada entre 20 de outubro e 19 de dezembro, devido \u00e0 realiza\u00e7\u00e3o de trabalhos de reabilita\u00e7\u00e3o da rede de \u00e1gua, a decorrer em quatro fases distintas.<\/p>\n\n\n\n<p>Na primeira fase, \u00e9 encerrada a Rua Joaquim Brand\u00e3o, no tro\u00e7o compreendido entre as avenidas Mariano de Carvalho e 5 de Outubro.<\/p>\n\n\n\n<p>Como alternativa, o tr\u00e2nsito deve circular pelas avenidas Mariano de Carvalho, 22 de Dezembro e Pra\u00e7a Almirante Reis, com retorno \u00e0s avenidas 22 de Dezembro e 5 de Outubro.<\/p>\n\n\n\n<p>A segunda fase implica condicionalismos na Avenida 5 de Outubro, no tro\u00e7o entre a Rua Joaquim Brand\u00e3o e a Avenida Alexandre Herculano, com estreitamento de via, condicionamento do passeio e interdi\u00e7\u00e3o das zonas de estacionamento no lado norte, incluindo tamb\u00e9m restri\u00e7\u00f5es no estacionamento da Rua Joaquim Brand\u00e3o.<\/p>\n\n\n\n<p>Durante a terceira fase, os trabalhos decorrem em zona pedonal da Avenida Alexandre Herculano, no tro\u00e7o entre as avenidas Mariano de Carvalho e 5 de Outubro.<\/p>\n\n\n\n<p>A quarta e \u00faltima fase incide igualmente sobre uma zona pedonal da Avenida 5 de Outubro, entre as avenidas Alexandre Herculano e Dr. Manuel Maria da Portela.<\/p>\n\n\n\n<p>A C\u00e2mara Municipal de Set\u00fabal apela \u00e0 ado\u00e7\u00e3o de uma condu\u00e7\u00e3o defensiva e ao cumprimento da sinaliza\u00e7\u00e3o tempor\u00e1ria instalada, de modo a garantir a seguran\u00e7a rodovi\u00e1ria durante o per\u00edodo das interven\u00e7\u00f5es.<\/p>\n","protected":false},"excerpt":{"rendered":"<p>A circula\u00e7\u00e3o autom\u00f3vel na Avenida 5 de Outubro e arruamentos adjacentes est\u00e1 condicionada entre 20 de outubro e 19 de dezembro, devido \u00e0 realiza\u00e7\u00e3o de trabalhos de reabilita\u00e7\u00e3o da rede de \u00e1gua, a decorrer em quatro fases distintas. Na primeira fase, \u00e9 encerrada a Rua Joaquim Brand\u00e3o, no tro\u00e7o compreendido entre as avenidas Mariano de [&hellip;]<\/p>\n","protected":false},"author":2,"featured_media":272,"comment_status":"closed","ping_status":"open","sticky":false,"template":"","format":"standard","meta":{"pagelayer_contact_templates":[],"_pagelayer_content":"","iawp_total_views":0,"footnotes":""},"categories":[9],"tags":[22],"class_list":{"0":"post-271","1":"post","2":"type-post","3":"status-publish","4":"format-standard","5":"has-post-thumbnail","7":"category-cidade","8":"tag-transito"},"_links":{"self":[{"href":"https:\/\/www.somdabaixasetubal.pt\/site\/wp-json\/wp\/v2\/posts\/271","targetHints":{"allow":["GET"]}}],"collection":[{"href":"https:\/\/www.somdabaixasetubal.pt\/site\/wp-json\/wp\/v2\/posts"}],"about":[{"href":"https:\/\/www.somdabaixasetubal.pt\/site\/wp-json\/wp\/v2\/types\/post"}],"author":[{"embeddable":true,"href":"https:\/\/www.somdabaixasetubal.pt\/site\/wp-json\/wp\/v2\/users\/2"}],"replies":[{"embeddable":true,"href":"https:\/\/www.somdabaixasetubal.pt\/site\/wp-json\/wp\/v2\/comments?post=271"}],"version-history":[{"count":1,"href":"https:\/\/www.somdabaixasetubal.pt\/site\/wp-json\/wp\/v2\/posts\/271\/revisions"}],"predecessor-version":[{"id":273,"href":"https:\/\/www.somdabaixasetubal.pt\/site\/wp-json\/wp\/v2\/posts\/271\/revisions\/273"}],"wp:featuredmedia":[{"embeddable":true,"href":"https:\/\/www.somdabaixasetubal.pt\/site\/wp-json\/wp\/v2\/media\/272"}],"wp:attachment":[{"href":"https:\/\/www.somdabaixasetubal.pt\/site\/wp-json\/wp\/v2\/media?parent=271"}],"wp:term":[{"taxonomy":"category","embeddable":true,"href":"https:\/\/www.somdabaixasetubal.pt\/site\/wp-json\/wp\/v2\/categories?post=271"},{"taxonomy":"post_tag","embeddable":true,"href":"https:\/\/www.somdabaixasetubal.pt\/site\/wp-json\/wp\/v2\/tags?post=271"}],"curies":[{"name":"wp","href":"https:\/\/api.w.org\/{rel}","templated":true}]}}